{"id":590,"date":"2017-06-05T09:02:57","date_gmt":"2017-06-05T09:02:57","guid":{"rendered":"http:\/\/movewithme.ch\/?p=590"},"modified":"2022-06-11T13:40:01","modified_gmt":"2022-06-11T13:40:01","slug":"free-demonstration-class-at-the-magical-cafe","status":"publish","type":"post","link":"https:\/\/movewithme.ch\/de\/free-demonstration-class-at-the-magical-cafe\/","title":{"rendered":"Gratis Probestunde im Magical Caf\u00e9 am 20. Juni"},"content":{"rendered":"<p>Am 20. Juni biete ich von 10 bis 10:30 Uhr im Magical Caf\u00e9 eine Probestunde f\u00fcr Kinder in Begleitung eines Elternteils an. Egal f\u00fcr welchen Kurs ihr euch ab Sommer interessiert, kommt doch vorbei, damit ihr und eure Kinder mich kennenlernen k\u00f6nnt!<\/p>\n","protected":false},"excerpt":{"rendered":"<p>Am 20. Juni biete ich von 10 bis 10:30 Uhr im Magical Caf\u00e9 eine Probestunde f\u00fcr Kinder in Begleitung eines Elternteils an. Egal f\u00fcr welchen Kurs ihr euch ab Sommer interessiert, kommt doch vorbei, damit ihr und eure Kinder mich kennenlernen k\u00f6nnt!<\/p>\n","protected":false},"author":1,"featured_media":0,"comment_status":"closed","ping_status":"open","sticky":false,"template":"","format":"standard","meta":{"footnotes":""},"categories":[1],"tags":[],"class_list":["post-590","post","type-post","status-publish","format-standard","hentry","category-uncategorized"],"translation":{"provider":"WPGlobus","version":"3.0.1","language":"de","enabled_languages":["en","de"],"languages":{"en":{"title":true,"content":true,"excerpt":false},"de":{"title":true,"content":true,"excerpt":false}}},"yoast_head":"<!-- This site is optimized with the Yoast SEO plugin v26.6 - https:\/\/yoast.com\/wordpress\/plugins\/seo\/ -->\n<title>Gratis Probestunde im Magical Caf\u00e9 am 20. Juni &#8902; Move with me<\/title>\n<meta name=\"robots\" content=\"index, follow, max-snippet:-1, max-image-preview:large, max-video-preview:-1\" \/>\n<link rel=\"canonical\" href=\"https:\/\/movewithme.ch\/free-demonstration-class-at-the-magical-cafe\/\" \/>\n<meta property=\"og:locale\" content=\"de_DE\" \/>\n<meta property=\"og:type\" content=\"article\" \/>\n<meta property=\"og:title\" content=\"Gratis Probestunde im Magical Caf\u00e9 am 20. Juni &#8902; Move with me\" \/>\n<meta property=\"og:url\" content=\"https:\/\/movewithme.ch\/free-demonstration-class-at-the-magical-cafe\/\" \/>\n<meta property=\"og:site_name\" content=\"Move with me\" \/>\n<meta property=\"article:publisher\" content=\"https:\/\/www.facebook.com\/movewithmeBasel\/\" \/>\n<meta property=\"article:published_time\" content=\"2017-06-05T09:02:57+00:00\" \/>\n<meta property=\"article:modified_time\" content=\"2022-06-11T13:40:01+00:00\" \/>\n<meta name=\"author\" content=\"jcs1605_e48x57j5\" \/>\n<meta name=\"twitter:card\" content=\"summary_large_image\" \/>\n<meta name=\"twitter:label1\" content=\"Verfasst von\" \/>\n\t<meta name=\"twitter:data1\" content=\"jcs1605_e48x57j5\" \/>\n\t<meta name=\"twitter:label2\" content=\"Gesch\u00e4tzte Lesezeit\" \/>\n\t<meta name=\"twitter:data2\" content=\"1\u00a0Minute\" \/>\n<script type=\"application\/ld+json\" class=\"yoast-schema-graph\">{\"@context\":\"https:\/\/schema.org\",\"@graph\":[{\"@type\":\"WebPage\",\"@id\":\"https:\/\/movewithme.ch\/free-demonstration-class-at-the-magical-cafe\/\",\"url\":\"https:\/\/movewithme.ch\/free-demonstration-class-at-the-magical-cafe\/\",\"name\":\"Gratis Probestunde im Magical Caf\u00e9 am 20. Juni &#8902; Move with me\",\"isPartOf\":{\"@id\":\"https:\/\/movewithme.ch\/#website\"},\"datePublished\":\"2017-06-05T09:02:57+00:00\",\"dateModified\":\"2022-06-11T13:40:01+00:00\",\"author\":{\"@id\":\"https:\/\/movewithme.ch\/#\/schema\/person\/de2e9e45e2379b045db5107984da8e84\"},\"breadcrumb\":{\"@id\":\"https:\/\/movewithme.ch\/free-demonstration-class-at-the-magical-cafe\/#breadcrumb\"},\"inLanguage\":\"de\",\"potentialAction\":[{\"@type\":\"ReadAction\",\"target\":[\"https:\/\/movewithme.ch\/free-demonstration-class-at-the-magical-cafe\/\"]}]},{\"@type\":\"BreadcrumbList\",\"@id\":\"https:\/\/movewithme.ch\/free-demonstration-class-at-the-magical-cafe\/#breadcrumb\",\"itemListElement\":[{\"@type\":\"ListItem\",\"position\":1,\"name\":\"Startseite\",\"item\":\"https:\/\/movewithme.ch\/\"},{\"@type\":\"ListItem\",\"position\":2,\"name\":\"Free demonstration class at the Magical Cafe!\"}]},{\"@type\":\"WebSite\",\"@id\":\"https:\/\/movewithme.ch\/#website\",\"url\":\"https:\/\/movewithme.ch\/\",\"name\":\"Move with me\",\"description\":\"\",\"potentialAction\":[{\"@type\":\"SearchAction\",\"target\":{\"@type\":\"EntryPoint\",\"urlTemplate\":\"https:\/\/movewithme.ch\/?s={search_term_string}\"},\"query-input\":{\"@type\":\"PropertyValueSpecification\",\"valueRequired\":true,\"valueName\":\"search_term_string\"}}],\"inLanguage\":\"de\"},{\"@type\":\"Person\",\"@id\":\"https:\/\/movewithme.ch\/#\/schema\/person\/de2e9e45e2379b045db5107984da8e84\",\"name\":\"jcs1605_e48x57j5\",\"image\":{\"@type\":\"ImageObject\",\"inLanguage\":\"de\",\"@id\":\"https:\/\/movewithme.ch\/#\/schema\/person\/image\/\",\"url\":\"https:\/\/secure.gravatar.com\/avatar\/3004a62339badcbdeaae3837943c00829d825db655a99eacda72edc5137db590?s=96&d=mm&r=g\",\"contentUrl\":\"https:\/\/secure.gravatar.com\/avatar\/3004a62339badcbdeaae3837943c00829d825db655a99eacda72edc5137db590?s=96&d=mm&r=g\",\"caption\":\"jcs1605_e48x57j5\"},\"url\":\"https:\/\/movewithme.ch\/de\/author\/jcs1605_e48x57j5\/\"}]}<\/script>\n<!-- \/ Yoast SEO plugin. -->","yoast_head_json":{"title":"Gratis Probestunde im Magical Caf\u00e9 am 20. Juni &#8902; Move with me","robots":{"index":"index","follow":"follow","max-snippet":"max-snippet:-1","max-image-preview":"max-image-preview:large","max-video-preview":"max-video-preview:-1"},"canonical":"https:\/\/movewithme.ch\/free-demonstration-class-at-the-magical-cafe\/","og_locale":"de_DE","og_type":"article","og_title":"Gratis Probestunde im Magical Caf\u00e9 am 20. Juni &#8902; Move with me","og_url":"https:\/\/movewithme.ch\/free-demonstration-class-at-the-magical-cafe\/","og_site_name":"Move with me","article_publisher":"https:\/\/www.facebook.com\/movewithmeBasel\/","article_published_time":"2017-06-05T09:02:57+00:00","article_modified_time":"2022-06-11T13:40:01+00:00","author":"jcs1605_e48x57j5","twitter_card":"summary_large_image","twitter_misc":{"Verfasst von":"jcs1605_e48x57j5","Gesch\u00e4tzte Lesezeit":"1\u00a0Minute"},"schema":{"@context":"https:\/\/schema.org","@graph":[{"@type":"WebPage","@id":"https:\/\/movewithme.ch\/free-demonstration-class-at-the-magical-cafe\/","url":"https:\/\/movewithme.ch\/free-demonstration-class-at-the-magical-cafe\/","name":"Gratis Probestunde im Magical Caf\u00e9 am 20. Juni &#8902; Move with me","isPartOf":{"@id":"https:\/\/movewithme.ch\/#website"},"datePublished":"2017-06-05T09:02:57+00:00","dateModified":"2022-06-11T13:40:01+00:00","author":{"@id":"https:\/\/movewithme.ch\/#\/schema\/person\/de2e9e45e2379b045db5107984da8e84"},"breadcrumb":{"@id":"https:\/\/movewithme.ch\/free-demonstration-class-at-the-magical-cafe\/#breadcrumb"},"inLanguage":"de","potentialAction":[{"@type":"ReadAction","target":["https:\/\/movewithme.ch\/free-demonstration-class-at-the-magical-cafe\/"]}]},{"@type":"BreadcrumbList","@id":"https:\/\/movewithme.ch\/free-demonstration-class-at-the-magical-cafe\/#breadcrumb","itemListElement":[{"@type":"ListItem","position":1,"name":"Startseite","item":"https:\/\/movewithme.ch\/"},{"@type":"ListItem","position":2,"name":"Free demonstration class at the Magical Cafe!"}]},{"@type":"WebSite","@id":"https:\/\/movewithme.ch\/#website","url":"https:\/\/movewithme.ch\/","name":"Move with me","description":"","potentialAction":[{"@type":"SearchAction","target":{"@type":"EntryPoint","urlTemplate":"https:\/\/movewithme.ch\/?s={search_term_string}"},"query-input":{"@type":"PropertyValueSpecification","valueRequired":true,"valueName":"search_term_string"}}],"inLanguage":"de"},{"@type":"Person","@id":"https:\/\/movewithme.ch\/#\/schema\/person\/de2e9e45e2379b045db5107984da8e84","name":"jcs1605_e48x57j5","image":{"@type":"ImageObject","inLanguage":"de","@id":"https:\/\/movewithme.ch\/#\/schema\/person\/image\/","url":"https:\/\/secure.gravatar.com\/avatar\/3004a62339badcbdeaae3837943c00829d825db655a99eacda72edc5137db590?s=96&d=mm&r=g","contentUrl":"https:\/\/secure.gravatar.com\/avatar\/3004a62339badcbdeaae3837943c00829d825db655a99eacda72edc5137db590?s=96&d=mm&r=g","caption":"jcs1605_e48x57j5"},"url":"https:\/\/movewithme.ch\/de\/author\/jcs1605_e48x57j5\/"}]}},"_links":{"self":[{"href":"https:\/\/movewithme.ch\/de\/wp-json\/wp\/v2\/posts\/590","targetHints":{"allow":["GET"]}}],"collection":[{"href":"https:\/\/movewithme.ch\/de\/wp-json\/wp\/v2\/posts"}],"about":[{"href":"https:\/\/movewithme.ch\/de\/wp-json\/wp\/v2\/types\/post"}],"author":[{"embeddable":true,"href":"https:\/\/movewithme.ch\/de\/wp-json\/wp\/v2\/users\/1"}],"replies":[{"embeddable":true,"href":"https:\/\/movewithme.ch\/de\/wp-json\/wp\/v2\/comments?post=590"}],"version-history":[{"count":1,"href":"https:\/\/movewithme.ch\/de\/wp-json\/wp\/v2\/posts\/590\/revisions"}],"predecessor-version":[{"id":591,"href":"https:\/\/movewithme.ch\/de\/wp-json\/wp\/v2\/posts\/590\/revisions\/591"}],"wp:attachment":[{"href":"https:\/\/movewithme.ch\/de\/wp-json\/wp\/v2\/media?parent=590"}],"wp:term":[{"taxonomy":"category","embeddable":true,"href":"https:\/\/movewithme.ch\/de\/wp-json\/wp\/v2\/categories?post=590"},{"taxonomy":"post_tag","embeddable":true,"href":"https:\/\/movewithme.ch\/de\/wp-json\/wp\/v2\/tags?post=590"}],"curies":[{"name":"wp","href":"https:\/\/api.w.org\/{rel}","templated":true}]}}